{"id":50119,"date":"2025-10-09T10:58:37","date_gmt":"2025-10-09T08:58:37","guid":{"rendered":"https:\/\/glci.fm\/?p=50119"},"modified":"2025-10-09T12:17:26","modified_gmt":"2025-10-09T10:17:26","slug":"a-munkanelkuliseg-lelki-terhei-hatasok-es","status":"publish","type":"post","link":"https:\/\/glci.fm\/index.php\/2025\/10\/09\/a-munkanelkuliseg-lelki-terhei-hatasok-es\/","title":{"rendered":"A munkan\u00e9lk\u00fclis\u00e9g lelki terhei Hat\u00e1sok \u00e9s megk\u00fczd\u00e9si strat\u00e9gi\u00e1k 6"},"content":{"rendered":"<h1>Stressz- \u00e9s konfliktuskezel\u00e9s tr\u00e9ning 4  modul: Stresszkezel\u00e9si m\u00f3dszerek, megk\u00fczd\u00e9si strat\u00e9gi\u00e1k<\/h1>\n<p>A hiper\u00e9rz\u00e9keny gyerekek k\u00fcl\u00f6nleges figyelmet \u00e9s meg\u00e9rt\u00e9st ig\u00e9nyelnek, hiszen intenz\u00edvebben reag\u00e1lnak a k\u00f6r\u00fcl\u00f6tt\u00fck l\u00e9v\u0151 vil\u00e1gra, mint m\u00e1sok. Sz\u00fcl\u0151k\u00e9nt ez sokszor kih\u00edv\u00e1st jelenthet, ugyanakkor lehet\u0151s\u00e9get is ad arra, hogy t\u00e1mogasd \u0151t abban, hogy az \u00e9rz\u00e9kenys\u00e9g\u00fck az er\u0151ss\u00e9g\u00fckk\u00e9 v\u00e1ljon. Most olyan tippeket \u00e9s tan\u00e1csokat osztunk meg, amelyek seg\u00edtenek felt\u00e1rni, hogy a gyermeked hiper\u00e9rz\u00e9keny-e, meg\u00e9rteni \u0151t \u00e9s j\u00e1t\u00e9kos, szeretetteljes m\u00f3don t\u00e1mogatni a mindennapokban. A munkan\u00e9lk\u00fclis\u00e9g okozta stressz \u00e9s szorong\u00e1s enyh\u00edt\u00e9s\u00e9ben kulcsszerepet j\u00e1tszhatnak a hobbi \u00e9s \u00e9rdekl\u0151d\u00e9si k\u00f6r\u00f6k. Amikor valaki elvesz\u00edti a munk\u00e1j\u00e1t, elvesz\u00edtheti a napi rutinj\u00e1t, a t\u00e1rsas kapcsolatait \u00e9s az \u00f6n\u00e9rt\u00e9kel\u00e9s\u00e9t is. A hobbi viszont lehet\u0151s\u00e9get ad a strukt\u00fara fenntart\u00e1s\u00e1ra, a kreat\u00edv energi\u00e1k levezet\u00e9s\u00e9re \u00e9s az \u00f6nbizalom n\u00f6vel\u00e9s\u00e9re.<\/p>\n<h2>A stressz hat\u00e1sa a szervezetre<\/h2>\n<p>A sz\u00fcl\u0151k ingerl\u00e9kenyebbek lehetnek, kevesebb idej\u00fck jut a gyerekekre, \u00e9s a csal\u00e1d anyagi helyzete miatt a gyerekeknek is le kell mondaniuk bizonyos dolgokr\u00f3l. A p\u00e9nz\u00fcgyi neh\u00e9zs\u00e9gek miatt korl\u00e1tozottabb\u00e1 v\u00e1lhat a t\u00e1rsas\u00e1gi \u00e9let, a bar\u00e1tokkal val\u00f3 tal\u00e1lkoz\u00e1sok, a k\u00f6z\u00f6s programok. Sokan sz\u00e9gyellik a helyzet\u00fcket, \u00e9s ez\u00e9rt ink\u00e1bb visszah\u00faz\u00f3dnak a t\u00e1rsas\u00e1gt\u00f3l.<\/p>\n<p>Ha gyors megold\u00e1sra van sz\u00fcks\u00e9g, tereld el a figyelmedet a szorong\u00e1sodr\u00f3l azzal, hogy olyan dologra koncentr\u00e1lsz, ami nem okoz frusztr\u00e1ci\u00f3t. Elfogad\u00e1s, ez azt jelenti, hogy elengeded a haragot, az ellen\u00e1ll\u00e1st vagy az ellenkez\u00e9st, \u00e9s elfogadod a val\u00f3s\u00e1got an\u00e9lk\u00fcl, hogy megpr\u00f3b\u00e1ln\u00e1d megv\u00e1ltoztatni; ak\u00e1r egy sztoikus b\u00f6lcs. Az els\u0151 l\u00e9p\u00e9s mindig a probl\u00e9ma azonos\u00edt\u00e1sa kell, hogy legyen \u00e9s az okainak a felt\u00e1r\u00e1sa. Azt\u00e1n kit\u0171zz\u00fck a c\u00e9lt, megtervezz\u00fck az utat, v\u00e9ghez vissz\u00fck a feladatot, ha nem siker\u00fcl els\u0151re, \u00fajra pr\u00f3b\u00e1lkozunk. A medit\u00e1ci\u00f3 \u00e9s a l\u00e9gz\u00e9stechnik\u00e1k (mindfulness technik\u00e1k) megnyugtatj\u00e1k az elm\u00e9t, ellaz\u00edtj\u00e1k a testet, \u00e9s k\u00e9pesek megv\u00e1ltoztatni az amigdala m\u0171k\u00f6d\u00e9s\u00e9t is.<\/p>\n<ul>\n<li>Ez seg\u00edthet abban, hogy jobban meg\u00e9rtsd saj\u00e1t viselked\u00e9sedet \u00e9s fejl\u0151d\u00e9si ter\u00fcleteidet.<\/li>\n<li>\u0150szi Tam\u00e1sn\u00e9 Patr\u00edcia, a Budapesten m\u0171k\u00f6d\u0151, nagy m\u00falt\u00fa szakmai m\u0171hely \u00e9s nevel\u00e9si-oktat\u00e1si tev\u00e9kenys\u00e9get v\u00e9gz\u0151, Autizmus Alap\u00edtv\u00e1ny gy\u00f3gypedag\u00f3gus munkat\u00e1rsa.<\/li>\n<li>A probl\u00e9mamegold\u00e1s ezzel szemben mag\u00e1ban foglalja a kih\u00edv\u00e1s megold\u00e1sainak akt\u00edv keres\u00e9s\u00e9t.<\/li>\n<li>Gyakran szorong\u00e1shoz, depresszi\u00f3hoz \u00e9s stresszhez vezet, melyek hossz\u00fa t\u00e1von komoly ment\u00e1lis eg\u00e9szs\u00e9g\u00fcgyi probl\u00e9m\u00e1kat okozhatnak.<\/li>\n<li>Ezek a m\u00f3dszerek megadj\u00e1k az eszk\u00f6z\u00f6ket ahhoz, hogy hat\u00e9konyabban kezeld a mindennapi stresszhelyzeteket, \u00e9s hossz\u00fa t\u00e1von fenntarthasd a ment\u00e1lis j\u00f3ll\u00e9ted.<\/li>\n<\/ul>\n<p>A megk\u00fczd\u00e9s legfontosabb t\u00e9nyez\u0151i az er\u0151fesz\u00edt\u00e9s, a c\u00e9lir\u00e1nyoss\u00e1g \u00e9s a c\u00e9ltudatoss\u00e1g, valamint a t\u00e1rsas t\u00e1mogatotts\u00e1g. A stressz \u00f6nmag\u00e1ban nem okoz betegs\u00e9get, a k\u00fcl\u00f6nf\u00e9le testi-lelki t\u00fcnetekhez a stresszel val\u00f3 hib\u00e1s megbirk\u00f3z\u00e1s vezethet, ez\u00e9rt nem mindegy, hogy mik\u00e9nt reag\u00e1lunk egy-egy helyzetre. Egyesek k\u00f6nnyebben t\u00falteszik magukat az \u00e9let neh\u00e9zs\u00e9gein, m\u00e1sok kisebb akad\u00e1lyok k\u00f6vetkezt\u00e9ben is \u00f6sszeomlanak. A stressz mindennapi \u00e9let\u00fcnk r\u00e9sze, alapvet\u0151 jelent\u0151s\u00e9ge volt az emberi faj fennmarad\u00e1s\u00e1ban, hiszen nem maradn\u00e1nk \u00e9letben, ha nem tudn\u00e1nk alkalmazkodni az \u00e1lland\u00f3an v\u00e1ltoz\u00f3 helyzetekhez. Az ide\u00e1lis az idegrendszer k\u00f6zepes izgalmi \u00e1llapota, ami j\u00f3 hat\u00e1ssal van a testi-lelki eg\u00e9szs\u00e9gre.<\/p>\n<p>Az \u00e9rz\u00e9kenys\u00e9g k\u00fcls\u0151 \u00e9s bels\u0151 dolgokra is vonatkozik \u00e9s minden gyermekn\u00e9l elt\u00e9r\u0151 lehet a kett\u0151 ar\u00e1nya. A hiper\u00e9rz\u00e9kenys\u00e9g olyan \u00e1llapot, amikor egy gyermek intenz\u00edvebben reag\u00e1l a k\u00f6r\u00fcl\u00f6tte l\u00e9v\u0151 ingerekre, legyen sz\u00f3 \u00e9rzelmekr\u0151l, hangokr\u00f3l, f\u00e9nyekr\u0151l, vagy t\u00e1rsas helyzetekr\u0151l. Az \u00e9rz\u00e9keny gyermekek hajlamosak t\u00fal\u00e9rz\u00e9kenyen reag\u00e1lni a stresszre, fesz\u00fclts\u00e9gre \u00e9s gyakran t\u00falterhel\u0151dnek a mindennapi \u00e9lm\u00e9nyekkel. Pr\u00f3b\u00e1ljunk meg beiktatni a napirend\u00fcnkbe valamilyen mozg\u00e1st, legyen az egy s\u00e9ta a parkban, egy r\u00f6vid fut\u00e1s, vagy ak\u00e1r otthoni torna. A csoportos edz\u00e9sek, sportklubok emellett lehet\u0151s\u00e9get teremtenek a t\u00e1rsas\u00e1gi \u00e9letre, ami szint\u00e9n sokat seg\u00edthet a mag\u00e1ny \u00e9s elszigetelts\u00e9g \u00e9rz\u00e9s\u00e9nek enyh\u00edt\u00e9s\u00e9ben. A munkan\u00e9lk\u00fclis\u00e9g gyakran j\u00e1r a hasznoss\u00e1g \u00e9rz\u00e9s\u00e9nek elveszt\u00e9s\u00e9vel, ami m\u00e9lyen \u00e9rinti az \u00f6nbecs\u00fcl\u00e9st \u00e9s a ment\u00e1lis eg\u00e9szs\u00e9get.<\/p>\n<h3>A borderline szem\u00e9lyis\u00e9gzavar \u00e9s a p\u00e1rkapcsolati hull\u00e1mvas\u00fat<\/h3>\n<p>A munkan\u00e9lk\u00fclis\u00e9g gyakran a t\u00e1rsadalmi kapcsolatok jelent\u0151s \u00e1talakul\u00e1s\u00e1hoz vezet. Az emberek elvesz\u00edthetik a munkahelyi kapcsolataikat, amelyek sokak sz\u00e1m\u00e1ra a napi interakci\u00f3k fontos r\u00e9sz\u00e9t k\u00e9pezt\u00e9k. A munkan\u00e9lk\u00fclis\u00e9g egyik legk\u00e1rosabb hat\u00e1sa az \u00f6n\u00e9rt\u00e9kel\u00e9s cs\u00f6kken\u00e9se, ami hossz\u00fa t\u00e1von depresszi\u00f3hoz \u00e9s szorong\u00e1shoz vezethet. A rem\u00e9nytelens\u00e9g \u00e9rz\u00e9se, a j\u00f6v\u0151 kil\u00e1t\u00e1stalans\u00e1ga \u00e9s a t\u00e1rsadalmi kirekesztetts\u00e9g mind er\u0151s\u00edtik a negat\u00edv gondolatokat \u00e9s \u00e9rz\u00e9seket.<\/p>\n<h2>h\u00e9tk\u00f6znapi szok\u00e1s, ami jelent\u0151sen jav\u00edtja a ment\u00e1lis eg\u00e9szs\u00e9gedet<\/h2>\n<p>Egy m\u00e1sik fontos k\u00e9szs\u00e9g az probl\u00e9mamegold\u00f3 k\u00e9pess\u00e9gStresszes id\u0151kben kulcsfontoss\u00e1g\u00fa, hogy k\u00e9pesek legy\u00fcnk azonos\u00edtani a probl\u00e9m\u00e1kat, elemezni a lehets\u00e9ges megold\u00e1sokat, \u00e9s hat\u00e9kony d\u00f6nt\u00e9seket hozni. Ez seg\u00edthet cs\u00f6kkenteni a tehetetlens\u00e9g \u00e9rz\u00e9s\u00e9t, \u00e9s n\u00f6velheti a helyzet feletti kontroll \u00e9rz\u00e9s\u00e9t. Val\u00f3 \u00c1gnes pszichol\u00f3gus szerint az els\u0151dleges \u00e9rt\u00e9kel\u00e9s azt tiszt\u00e1zza, hogy a helyzet mit jelent, mekkora a jelent\u0151s\u00e9ge. Fontos-e sz\u00e1munkra, ami t\u00f6rt\u00e9nt, \u00e9rinti-e a szem\u00e9lyes c\u00e9ljainkat, \u00e9s ha igen, milyen m\u00e9rt\u00e9kben t\u00e9r el az adott hat\u00e1s az elv\u00e1rtt\u00f3l. L\u00e9nyeg\u00e9ben arra a k\u00e9rd\u00e9sre kell megtal\u00e1lni a v\u00e1laszt, hogy \u201ebajban vagyok-e?<\/p>\n<p>V\u00e1lassz olyan id\u0151t, amikor nyugodt \u00e9s zavartalan k\u00f6r\u00fclm\u00e9nyek k\u00f6z\u00f6tt tudsz \u00edrni. A rendszeress\u00e9g seg\u00edt abban, hogy az \u00f6nismereti gyakorlatot k\u00f6nnyen be\u00e9p\u00edtsd a mindennapi rutinodba. A maladapt\u00edv copingok azonban hosszabb t\u00e1von egyre k\u00e1rt\u00e9konyabb\u00e1 v\u00e1lhatnak. Rombol\u00f3an hatnak a t\u00e1rsas kapcsolatainkra, negat\u00edv ir\u00e1nyba befoly\u00e1solj\u00e1k a testi \u00e9s lelki \u00e1llapotunkat.<\/p>\n<p>A kognit\u00edv \u00e1tfogalmaz\u00e1s a stresszes helyzet pozit\u00edv \u00e9rzelmi \u00e9s\/vagy kognit\u00edv \u00e1t\u00e9rt\u00e9kel\u00e9s\u00e9t jelenti. Ez a technika k\u00fcl\u00f6n\u00f6sen \u00e9rt\u00e9kes a reziliencia fejleszt\u00e9s\u00e9ben \u00e9s a megpr\u00f3b\u00e1ltat\u00e1sokhoz val\u00f3 rugalmas alkalmazkod\u00e1sban. Mi emberek hajlamosak vagyunk egy-egy szitu\u00e1ci\u00f3 kapcs\u00e1n a legrosszabb forgat\u00f3k\u00f6nyvet elk\u00e9pzelni, azonban ez ment\u00e1lisan nagyon megterhel\u0151 lehet. \u00c9ppen ez\u00e9rt pr\u00f3b\u00e1ld meg egy kicsit \u00e1tprogramozni magad, \u00e9s ahelyett, hogy arra \u00f6sszpontos\u00edtan\u00e1l, ami megt\u00f6rt\u00e9nhet, f\u00f3kusz\u00e1lj az itt \u00e9s mostra. Pozit\u00edv p\u00e9ldak\u00e9nt eml\u00edtette a Nagy-Britanni\u00e1ban m\u0171k\u00f6d\u0151, \u201eAutism Resource Base\u201d centrumokat, amelyek t\u00f6bbs\u00e9gi int\u00e9zm\u00e9nyeken bel\u00fcl m\u0171k\u00f6dnek. Feladatuk az autizmus specifikus tud\u00e1s, fejleszt\u00e9s, k\u00e9pzett szakember \u00e9s eszk\u00f6zrendszer biztos\u00edt\u00e1sa.<\/p>\n<p>Fontos meg\u00e9rteni, hogy a depresszi\u00f3 nem a gyenges\u00e9g jele, hanem egy val\u00f3s betegs\u00e9g, ami kezel\u00e9st ig\u00e9nyel. A munkan\u00e9lk\u00fclis\u00e9g glob\u00e1lis szinten is komoly kih\u00edv\u00e1st jelent, a gazdas\u00e1gi ciklusokt\u00f3l, technol\u00f3giai fejl\u0151d\u00e9st\u0151l \u00e9s politikai d\u00f6nt\u00e9sekt\u0151l f\u00fcgg\u0151en. A vil\u00e1ggazdas\u00e1gi v\u00e1ls\u00e1gok, mint p\u00e9ld\u00e1ul a 2008-as p\u00e9nz\u00fcgyi v\u00e1ls\u00e1g, jelent\u0151sen megn\u00f6velt\u00e9k a munkan\u00e9lk\u00fcliek sz\u00e1m\u00e1t vil\u00e1gszerte. Az automatiz\u00e1ci\u00f3 \u00e9s a digitaliz\u00e1ci\u00f3 pedig \u00fajabb kih\u00edv\u00e1sokat jelentenek, \u00e1talak\u00edtva a munkaer\u0151piacot \u00e9s n\u00f6velve a struktur\u00e1lis munkan\u00e9lk\u00fclis\u00e9get. V\u00e9g\u00fcl, a szezon\u00e1lis munkan\u00e9lk\u00fclis\u00e9g bizonyos \u00e9vszakokhoz k\u00f6t\u0151dik (pl. turizmus, mez\u0151gazdas\u00e1g). B\u00e1r az emberek sz\u00e1m\u00edthatnak r\u00e1, a rendszeres j\u00f6vedelemkies\u00e9s \u00e9s a bizonytalans\u00e1g itt is negat\u00edv hat\u00e1ssal lehet a ment\u00e1lis eg\u00e9szs\u00e9gre.<\/p>\n<p>A lelkileg edzett, k\u00fczd\u0151k\u00e9pes szem\u00e9lyis\u00e9g a vil\u00e1got k\u00edv\u00e1ncsis\u00e1ggal k\u00f6zel\u00edti meg, alkalmazkodik a v\u00e1ltoz\u00e1sokhoz, kih\u00edv\u00e1sk\u00e9nt fogja fel azokat. Az ilyen ellen\u00e1ll\u00f3k\u00e9pes, rugalmas embereket nevezik szaknyelven reziliensnek. Ha \u00f6nmagunkkal \u00e9s k\u00f6rnyezet\u00fcnkkel harm\u00f3ni\u00e1ban akarunk lenni, akkor a mindennapi \u00e9let\u00fcnkben n\u00e9lk\u00fcl\u00f6zhetetlen a kell\u0151 m\u00e9rt\u00e9k\u0171 stresszt\u0171r\u0151 k\u00e9pess\u00e9g (reziliencia) kialak\u00edt\u00e1sa.<\/p>\n<p>Ez tal\u00e1n furcs\u00e1n hangzik, de a negat\u00edv gondolataid sokkal puszt\u00edt\u00f3bbak lehetnek, addig, am\u00edg csak a fejedben vannak. Mondd ki a f\u00e9lelmeid hangosa vagy \u00edrd le \u0151ket, ha egyszer ugyanis pap\u00edrra veted \u0151ket, akkor sokkal k\u00f6nnyebben el is tudod majd engedni azokat a gondolatokat, amik nem szolg\u00e1lnak t\u00e9ged. \u00cdgy tiszt\u00e1bban l\u00e1thatod a val\u00f3s\u00e1got, az elm\u00e9d kitisztul, a negat\u00edv gondolatok pedig tovasz\u00e1llnak. Az autista gyermekek oktat\u00e1s\u00e1ban a ford\u00edtott vagy r\u00e9szleges integr\u00e1ci\u00f3t nagyon j\u00f3 lehet\u0151s\u00e9gnek tartja el\u0151ad\u00f3nk, mivel teret adhat az autizmus zavarhoz kapcsol\u00f3d\u00f3 speci\u00e1lis tanul\u00e1sszervez\u00e9si m\u00f3dszereknek. A mag\u00e1ntanul\u00f3i st\u00e1tuszt nem tekinti j\u00f3 megold\u00e1snak, amit a viselked\u00e9si probl\u00e9m\u00e1k miatt alkalmaznak az iskol\u00e1k, mert a szoci\u00e1lis k\u00e9szs\u00e9gek fejl\u0151d\u00e9s\u00e9t akad\u00e1lyozza.<\/p>\n<p>Ezek a m\u00f3dszerek megadj\u00e1k az eszk\u00f6z\u00f6ket ahhoz, hogy hat\u00e9konyabban kezeld a mindennapi stresszhelyzeteket, \u00e9s hossz\u00fa t\u00e1von fenntarthasd a ment\u00e1lis j\u00f3ll\u00e9ted. V\u00e9g\u00fcl, van a rugalmas alkalmazkod\u00e1s, ami az eml\u00edtett strat\u00e9gi\u00e1k kombin\u00e1ci\u00f3ja. Ezzel a m\u00f3dszerrel k\u00fcl\u00f6nb\u00f6z\u0151 megk\u00fczd\u00e9si technik\u00e1k k\u00f6z\u00fcl v\u00e1lasztasz att\u00f3l f\u00fcgg\u0151en, hogy mi a helyzet. N\u00e9ha az \u00e9rzelmeid kezel\u00e9s\u00e9re kell f\u00f3kusz\u00e1lnod, m\u00e1skor a probl\u00e9ma megold\u00e1s\u00e1ra, vagy \u00e9ppen az elker\u00fcl\u00e9s lehet a legjobb v\u00e1laszt\u00e1s. Az igaz\u00e1n hat\u00e9kony megk\u00fczd\u00e9s eset\u00e9n a helyzethez legink\u00e1bb ill\u0151 strat\u00e9gi\u00e1t alkalmazod, mik\u00f6zben figyelembe veszed a saj\u00e1t k\u00e9pess\u00e9geidet \u00e9s er\u0151forr\u00e1saidat is.<\/p>\n<p>Haszn\u00e1ljunk <a href=\"https:\/\/onlinekaszinomagyaroknak.hu\/\">https:\/\/onlinekaszinomagyaroknak.hu\/<\/a> kulcsszavakat, melyek relev\u00e1nsak a megp\u00e1ly\u00e1zott poz\u00edci\u00f3k szempontj\u00e1b\u00f3l. K\u00e9rj\u00fck meg egy bar\u00e1tunkat vagy karrier tan\u00e1csad\u00f3t, hogy n\u00e9zze \u00e1t, \u00e9s adjon visszajelz\u00e9st. A kommunik\u00e1ci\u00f3 min\u0151s\u00e9ge romolhat, a vit\u00e1k gyakoribb\u00e1 v\u00e1lhatnak, ak\u00e1r olyan apr\u00f3s\u00e1gokb\u00f3l is, amelyek kor\u00e1bban nem okoztak probl\u00e9m\u00e1t. A frusztr\u00e1ci\u00f3 \u00e9s a tehetetlens\u00e9g \u00e9rz\u00e9se egym\u00e1s hib\u00e1ztat\u00e1s\u00e1hoz vezethet, ami tov\u00e1bb m\u00e9ly\u00edti a szakad\u00e9kot a felek k\u00f6z\u00f6tt.<\/p>\n<p>Ilyenkor a stressz forr\u00e1s\u00e1nak megv\u00e1ltoztat\u00e1sa vagy megsz\u00fcntet\u00e9se, v\u00e9geredm\u00e9nyben pedig a probl\u00e9ma megold\u00e1sa a c\u00e9l. A stresszhelyzetre adott v\u00e1laszod azt hivatott seg\u00edteni, hogy k\u00f6nnyebben kezeld, cs\u00f6kkentsd vagy ak\u00e1r teljesen meg is sz\u00fcntesd az aktu\u00e1lis kellemetlens\u00e9get. Ezt h\u00edvjuk megk\u00fczd\u00e9snek \u2013 ismertette k\u00f6zelm\u00faltbeli Facebook-posztj\u00e1ban a ment\u00e1lis eg\u00e9szs\u00e9ggel kapcsolatos eduk\u00e1ci\u00f3val foglalkoz\u00f3 M\u00e9lyleveg\u0151 Projekt. \u00d6sszehasonl\u00edt\u00e1sra ker\u00fclt a speci\u00e1lis csoportokban t\u00f6rt\u00e9n\u0151 oktat\u00e1suk \u00e9s a gy\u00f3gypedag\u00f3giai vagy t\u00f6bbs\u00e9gi iskolai integr\u00e1ci\u00f3, az el\u0151ny\u00f6k \u00e9s a h\u00e1tr\u00e1nyok szempontj\u00e1b\u00f3l. A speci\u00e1lis csoportok el\u0151nyei, hogy j\u00f3l k\u00e9pzett seg\u00edt\u0151k vannak, megfelel\u0151 m\u00f3dszerekkel, eszk\u00f6z\u00f6kkel, adapt\u00e1lt tartalmakkal dolgoznak. H\u00e1tr\u00e1nyai a t\u00falzott heterogenit\u00e1s, a kimenet, a tov\u00e1bbtanul\u00e1s probl\u00e9m\u00e1ja, \u00e1tlagos fejl\u0151d\u00e9s\u0171 kort\u00e1rsak hi\u00e1nya.<\/p>\n<p>Az \u00e1rt\u00f3 hat\u00e1sok megel\u0151z\u00e9s\u00e9ben az els\u0151 l\u00e9p\u00e9s mindig a tudatos\u00edt\u00e1s, hogy min\u00e9l pontosabban fel tudjuk ismerni a gyakran szinte automatikusan megjelen\u0151 reag\u00e1l\u00e1si m\u00f3djainkat, azok c\u00e9lj\u00e1t, funkci\u00f3j\u00e1t \u00e9s hosszabb t\u00e1v\u00fa hat\u00e1sait. Ezek f\u00e9ny\u00e9ben pedig min\u00e9l szabadabban d\u00f6nthess\u00fcnk az alkalmaz\u00e1sukr\u00f3l vagy az \u00e9rettebb, eg\u00e9szs\u00e9gesebb strat\u00e9gi\u00e1kra v\u00e1lt\u00e1sr\u00f3l. Mindez term\u00e9szetesen komoly \u00f6nismereti munk\u00e1t, olykor ter\u00e1pi\u00e1s beavatkoz\u00e1st ig\u00e9nyel, amit megfelel\u0151 v\u00e9gzetts\u00e9ggel \u00e9s szakmai tapasztalattal rendelkez\u0151 szakember seg\u00edts\u00e9g\u00e9vel \u00e9rhet\u00fcnk el. A flow-\u00e9lm\u00e9ny a munkan\u00e9lk\u00fclis\u00e9g idej\u00e9n egyfajta \u201emened\u00e9ket\u201d ny\u00fajthat a negat\u00edv gondolatok \u00e9s \u00e9rz\u00e9sek el\u0151l, lehet\u0151s\u00e9get teremtve a ment\u00e1lis felt\u00f6lt\u0151d\u00e9sre \u00e9s az \u00f6nbizalom meger\u0151s\u00edt\u00e9s\u00e9re. Ker\u00fclj\u00fck a t\u00falzott cukor- \u00e9s koffeinfogyaszt\u00e1st, helyette r\u00e9szes\u00edts\u00fck el\u0151nyben a friss z\u00f6lds\u00e9geket, gy\u00fcm\u00f6lcs\u00f6ket \u00e9s teljes ki\u0151rl\u00e9s\u0171 gabon\u00e1kat. A megfelel\u0151 t\u00e1pl\u00e1lkoz\u00e1s energi\u00e1val t\u00f6lt fel, ami elengedhetetlen a motiv\u00e1ci\u00f3 fenntart\u00e1s\u00e1hoz \u00e9s az akt\u00edv \u00e1ll\u00e1skeres\u00e9shez.<\/p>\n<p>A sikeres megk\u00fczd\u00e9s alapja a proakt\u00edv hozz\u00e1\u00e1ll\u00e1s, a probl\u00e9mamegold\u00f3 k\u00e9szs\u00e9gek fejleszt\u00e9se \u00e9s a t\u00e1mogat\u00f3 t\u00e1rsas kapcsolatok \u00e1pol\u00e1sa. Fontos tudatos\u00edtani, hogy a neh\u00e9zs\u00e9gek ellen\u00e9re a p\u00e1rkapcsolat meger\u0151s\u00f6dhet ebben az id\u0151szakban, ha a felek k\u00e9pesek egy\u00fcttm\u0171k\u00f6dni, t\u00e1mogatni egym\u00e1st \u00e9s ny\u00edltan kommunik\u00e1lni az \u00e9rz\u00e9seikr\u0151l. A k\u00f6z\u00f6s megold\u00e1skeres\u00e9s, a k\u00f6lcs\u00f6n\u00f6s meg\u00e9rt\u00e9s \u00e9s a t\u00fcrelem kulcsfontoss\u00e1g\u00fa a kapcsolat meg\u0151rz\u00e9s\u00e9hez.<\/p>\n<p>A szakember seg\u00edts\u00e9ge, a t\u00e1mogat\u00f3 k\u00f6z\u00f6ss\u00e9gek keres\u00e9se \u00e9s az eg\u00e9szs\u00e9ges \u00e9letm\u00f3d kialak\u00edt\u00e1sa sokkal hat\u00e9konyabb megk\u00fczd\u00e9si strat\u00e9gi\u00e1k. A megk\u00fczd\u00e9s fogalm\u00e1nak (coping) nincsen egy \u00e1ltal\u00e1nosan elfogadott defin\u00edci\u00f3ja, t\u00f6bbf\u00e9le megk\u00f6zel\u00edt\u00e9s l\u00e9tezik. A megk\u00fczd\u00e9s l\u00e9nyeges elemei az er\u0151fesz\u00edt\u00e9s, a c\u00e9lir\u00e1nyoss\u00e1g \u00e9s a tudatoss\u00e1g. A megk\u00fczd\u00e9si strat\u00e9gi\u00e1k megv\u00e1laszt\u00e1s\u00e1t szignifik\u00e1nsan meghat\u00e1rozza a szem\u00e9ly viselked\u00e9skontrollja, a predikt\u00edv kontrollja, a stresszt okoz\u00f3 k\u00f6r\u00fclm\u00e9ny t\u00edpusa \u00e9s a szorong\u00e1s intenzit\u00e1sa. A s\u00e9mater\u00e1pia a kognit\u00edv ter\u00e1pia mellet m\u00e1s ter\u00e1pi\u00e1s iskol\u00e1k m\u00f3dszereit is integr\u00e1lja. A ter\u00e1pia sor\u00e1n kognit\u00edv, viselked\u00e9ses, \u00e9lm\u00e9nyalap\u00fa \u00e9s a terapeuta-p\u00e1ciens kapcsolatra \u00e9p\u00fcl\u0151 technik\u00e1kat alkalmazunk, illetve nagy hangs\u00falyt kap a probl\u00e9m\u00e1k gyermek-\u00e9s serd\u00fcl\u0151kori felt\u00e1r\u00e1sa.<\/p>\n<p>A megk\u00fczd\u00e9s kev\u00e9sb\u00e9 arr\u00f3l sz\u00f3l, hogy mi t\u00f6rt\u00e9nik a vil\u00e1gban, sokkal ink\u00e1bb arr\u00f3l, hogy az elm\u00e9nk hogyan \u00e9rtelmezi a helyzetet. \u00c9rezted m\u00e1r \u00fagy, hogy az \u00e9let kih\u00edv\u00e1saival szemben n\u00e9ha elvesz\u00edted az ir\u00e1ny\u00edt\u00e1st, \u00e9s nem tal\u00e1lod a m\u00f3dj\u00e1t, hogyan k\u00fczdhetn\u00e9l meg vel\u00fck? Legyen sz\u00f3 stresszr\u0151l, neh\u00e9zs\u00e9gekr\u0151l vagy v\u00e1ratlan \u00e9lethelyzetekr\u0151l, mindannyian szembes\u00fcl\u00fcnk olyan id\u0151szakokkal, amikor a megszokott megold\u00e1saink m\u00e1r nem m\u0171k\u00f6dnek.<\/p>\n<p>T\u00f6bb t\u00edzezer f\u0151t sz\u00e1ml\u00e1l az egyik k\u00f6z\u00f6ss\u00e9gim\u00e9dia-platformon az a csoport, amely kifejezetten arra hivatott, hogy a gyermekv\u00e1llal\u00e1s ut\u00e1n munk\u00e1ba &#8230; K\u00e9pzelj\u00fck el azt a helyzetet, hogy egy nagy v\u00f6d\u00f6r jeges v\u00edzbe kell beletenn\u00fcnk a kez\u00fcnket, \u00e9s bent is kell tartanunk egy ideig. Akut stressz zavarnak azt nevezz\u00fck, amikor a t\u00fcnetek a megr\u00e1zk\u00f3dtat\u00e1st okoz\u00f3 esem\u00e9ny ut\u00e1n egy h\u00f3napn\u00e1l kevesebb ideig tartanak, kr\u00f3nikusnak pedig, ha tov\u00e1bb tartanak egy h\u00f3napn\u00e1l. Fontos, hogy a rutin tartalmazzon munkakeres\u00e9si tev\u00e9kenys\u00e9geket (\u00e1ll\u00e1shirdet\u00e9sek b\u00f6ng\u00e9sz\u00e9se, \u00f6n\u00e9letrajz friss\u00edt\u00e9se, interj\u00fakra val\u00f3 felk\u00e9sz\u00fcl\u00e9s), de emellett pihen\u00e9st \u00e9s kikapcsol\u00f3d\u00e1st is. K\u00e9sz\u00fclj\u00fcnk fel a tipikus interj\u00fak\u00e9rd\u00e9sekre, \u00e9s gondoljuk \u00e1t, hogyan tudjuk bemutatni az er\u0151ss\u00e9geinket \u00e9s a gyenges\u00e9geinket.<\/p>\n<p>Keresi az izgalmat, az euf\u00f3ri\u00e1t, amivel a f\u00e1jdalmas \u00e9rz\u00e9seket kiiktathatja. A lelki f\u00e1jdalom, a k\u00ednz\u00f3 bels\u0151 fesz\u00fclts\u00e9g tomp\u00edt\u00e1sa c\u00e9lj\u00e1b\u00f3l v\u00e9gzett \u00f6ns\u00e9rt\u00e9s egyik gyakori form\u00e1ja a f\u0151k\u00e9nt fiatalok k\u00f6rben jellemz\u0151 falcol\u00e1s, azaz a b\u0151r megv\u00e1g\u00e1sa. Az \u00f6ns\u00e9rt\u00e9s enyh\u00e9bb form\u00e1ban is megjelenhet, p\u00e9ld\u00e1ul amikor az egy\u00e9n szorongatja a karj\u00e1t, csipkedi a b\u0151r\u00e9t, t\u00e9pkedi vagy csavargatja a haj\u00e1t, az ajk\u00e1ba harap, vagy r\u00e1gja a k\u00f6rm\u00e9t. El\u0151fordulhat az is, hogy a fesz\u00fclts\u00e9get \u00e1t\u00e9l\u0151 szem\u00e9ly hirtelen er\u0151s k\u00e9sztet\u00e9st \u00e9rez arra, hogy k\u00e1v\u00e9t igyon vagy \u00e9des \u00e9telt egyen, esetleg valamilyen kellemes fant\u00e1zi\u00e1val r\u00e1ntja ki mag\u00e1t a jelenb\u0151l. Megk\u00fczd\u00e9snek tekinthet\u0151 minden olyan cselekv\u00e9s, amit az ember tudatosan haszn\u00e1l egy stresszhelyzet kezel\u00e9s\u00e9re.<\/p>\n","protected":false},"excerpt":{"rendered":"<p>Stressz- \u00e9s konfliktuskezel\u00e9s tr\u00e9ning 4 modul: Stresszkezel\u00e9si m\u00f3dszerek, megk\u00fczd\u00e9si strat\u00e9gi\u00e1k A hiper\u00e9rz\u00e9keny gyerekek k\u00fcl\u00f6nleges figyelmet \u00e9s meg\u00e9rt\u00e9st ig\u00e9nyelnek, hiszen intenz\u00edvebben reag\u00e1lnak a k\u00f6r\u00fcl\u00f6tt\u00fck l\u00e9v\u0151 vil\u00e1gra, [&#8230;]<\/p>\n","protected":false},"author":2,"featured_media":0,"comment_status":"open","ping_status":"open","sticky":false,"template":"","format":"standard","meta":{"footnotes":""},"categories":[67],"tags":[],"class_list":["post-50119","post","type-post","status-publish","format-standard","hentry","category-onlinekaszinomagyaroknak"],"_links":{"self":[{"href":"https:\/\/glci.fm\/index.php\/wp-json\/wp\/v2\/posts\/50119","targetHints":{"allow":["GET"]}}],"collection":[{"href":"https:\/\/glci.fm\/index.php\/wp-json\/wp\/v2\/posts"}],"about":[{"href":"https:\/\/glci.fm\/index.php\/wp-json\/wp\/v2\/types\/post"}],"author":[{"embeddable":true,"href":"https:\/\/glci.fm\/index.php\/wp-json\/wp\/v2\/users\/2"}],"replies":[{"embeddable":true,"href":"https:\/\/glci.fm\/index.php\/wp-json\/wp\/v2\/comments?post=50119"}],"version-history":[{"count":1,"href":"https:\/\/glci.fm\/index.php\/wp-json\/wp\/v2\/posts\/50119\/revisions"}],"predecessor-version":[{"id":50120,"href":"https:\/\/glci.fm\/index.php\/wp-json\/wp\/v2\/posts\/50119\/revisions\/50120"}],"wp:attachment":[{"href":"https:\/\/glci.fm\/index.php\/wp-json\/wp\/v2\/media?parent=50119"}],"wp:term":[{"taxonomy":"category","embeddable":true,"href":"https:\/\/glci.fm\/index.php\/wp-json\/wp\/v2\/categories?post=50119"},{"taxonomy":"post_tag","embeddable":true,"href":"https:\/\/glci.fm\/index.php\/wp-json\/wp\/v2\/tags?post=50119"}],"curies":[{"name":"wp","href":"https:\/\/api.w.org\/{rel}","templated":true}]}}